{"id":1967,"date":"2026-03-06T21:47:25","date_gmt":"2026-03-06T21:47:25","guid":{"rendered":"https:\/\/wve.png.mybluehost.me\/website_71bd5955\/archipel-de-mingan\/"},"modified":"2026-03-17T20:21:32","modified_gmt":"2026-03-17T20:21:32","slug":"archipel-de-mingan","status":"publish","type":"post","link":"https:\/\/wermenlinger.com\/fr\/archipel-de-mingan\/","title":{"rendered":"Archipel de Mingan"},"content":{"rendered":"\n<p class=\"gb-text gb-text-05052971\">Une collaboration acoustique avec Parcs Canada documentant des \u00e9cosyst\u00e8mes insulaires prot\u00e9g\u00e9s<\/p>\n\n\n\n<p class=\"gb-text\">En 2020, Parcs Canada m\u2019a donn\u00e9 la chance de pouvoir r\u00e9aliser des captations sonores sur diff\u00e9rentes \u00eeles de la R\u00e9serve, dont entre autres, l\u2019\u00cele aux Perroquets et l\u2019\u00cele Quarry. Ce sont des milieux fragiles et prot\u00e9g\u00e9s que tr\u00e8s peu d\u2019individus ont le privil\u00e8ge de visiter, et encore moins de documenter sur le plan sonore. Je n\u2019avais qu\u2019une seule journ\u00e9e pour saisir l&#8217;essence de ce vaste territoire et la chance a \u00e9t\u00e9 de mon c\u00f4t\u00e9. En guise de contribution \u00e0 la mission du parc, j\u2019ai pr\u00e9par\u00e9 une s\u00e9rie de paysages sonores \u00e9ducatifs. Ceux-ci sont d\u00e9sormais utilis\u00e9s par les agents d\u2019interpr\u00e9tation de Parcs Canada pour connecter le public aux rythmes invisibles de l\u2019archipel.   <\/p>\n\n\n\n<p class=\"gb-text gb-text-2e33ee5c\">Malgr\u00e9 les limites de temps, j\u2019ai consacr\u00e9 une \u00e9tude intensive \u00e0 la faune aviaire de l\u2019\u00cele aux Perroquets. Ce site d&#8217;importance pour les oiseaux et la biodiversit\u00e9 (ZICO) est renomm\u00e9 pour sa colonie de macareux moines (\u00ab perroquets de mer \u00bb) qui y nichent entre avril et septembre. Le profil acoustique de l&#8217;\u00eele est une texture sauvage et dense, compos\u00e9e des cris du petit pingouin, du guillemot \u00e0 miroir, de la mouette tridactyle, de l&#8217;eider \u00e0 duvet, du grand corbeau et de diverses esp\u00e8ces de go\u00e9lands. <a href=\"https:\/\/freesound.org\/people\/laurent\/sounds\/848239\/\" target=\"_blank\" rel=\"noreferrer noopener\">Cliquez ici<\/a> pour \u00e9couter.<\/p>\n\n\n\n<p class=\"gb-text gb-text-f754c5e5\">Plus au large, le paysage sonore s&#8217;est \u00e9largi pour inclure les voix de la mer. Des colonies de phoques compl\u00e9taient ce tableau sauvage\u00a0: le phoque gris, le phoque commun et le phoque du Groenland. Leurs vocalisations envo\u00fbtantes, r\u00e9sonnant sur l&#8217;eau, ont ajout\u00e9 une dimension marine inoubliable \u00e0 l&#8217;exp\u00e9rience, ancrant le projet dans l&#8217;esprit brut et indompt\u00e9 du golfe du Saint-Laurent. <a href=\"https:\/\/freesound.org\/people\/laurent\/sounds\/848237\/\" target=\"_blank\" rel=\"noreferrer noopener\">Cliquez ici<\/a> pour \u00e9couter<\/p>\n\n\n\n<p><\/p>\n","protected":false},"excerpt":{"rendered":"<p>Une occasion rare de documenter par le son les \u00eeles prot\u00e9g\u00e9es de l\u2019archipel de Mingan. Des textures aviaires denses de l\u2019\u00eele aux Perroquets aux vocalisations envo\u00fbtantes des colonies de phoques, ce projet capture pour Parcs Canada l\u2019esprit brut du golfe du Saint-Laurent. <\/p>\n","protected":false},"author":2,"featured_media":2125,"comment_status":"closed","ping_status":"open","sticky":false,"template":"","format":"standard","meta":{"nf_dc_page":"","footnotes":""},"categories":[21],"tags":[25],"class_list":["post-1967","post","type-post","status-publish","format-standard","has-post-thumbnail","hentry","category-audio","tag-25"],"yoast_head":"<!-- This site is optimized with the Yoast SEO plugin v27.4 - https:\/\/yoast.com\/product\/yoast-seo-wordpress\/ -->\n<title>Archipel de Mingan | Laurent Wermenlinger<\/title>\n<meta name=\"robots\" content=\"index, follow, max-snippet:-1, max-image-preview:large, max-video-preview:-1\" \/>\n<link rel=\"canonical\" href=\"https:\/\/wermenlinger.com\/fr\/archipel-de-mingan\/\" \/>\n<meta property=\"og:locale\" content=\"fr_FR\" \/>\n<meta property=\"og:type\" content=\"article\" \/>\n<meta property=\"og:title\" content=\"Archipel de Mingan | Laurent Wermenlinger\" \/>\n<meta property=\"og:description\" content=\"Une occasion rare de documenter par le son les \u00eeles prot\u00e9g\u00e9es de l\u2019archipel de Mingan. Des textures aviaires denses de l\u2019\u00eele aux Perroquets aux vocalisations envo\u00fbtantes des colonies de phoques, ce projet capture pour Parcs Canada l\u2019esprit brut du golfe du Saint-Laurent.\" \/>\n<meta property=\"og:url\" content=\"https:\/\/wermenlinger.com\/fr\/archipel-de-mingan\/\" \/>\n<meta property=\"og:site_name\" content=\"Laurent Wermenlinger\" \/>\n<meta property=\"article:published_time\" content=\"2026-03-06T21:47:25+00:00\" \/>\n<meta property=\"article:modified_time\" content=\"2026-03-17T20:21:32+00:00\" \/>\n<meta property=\"og:image\" content=\"https:\/\/wermenlinger.com\/wp-content\/uploads\/2026\/03\/mingan-archipelago-national-park-2.jpeg\" \/>\n\t<meta property=\"og:image:width\" content=\"2000\" \/>\n\t<meta property=\"og:image:height\" content=\"1334\" \/>\n\t<meta property=\"og:image:type\" content=\"image\/jpeg\" \/>\n<meta name=\"author\" content=\"marieclaude\" \/>\n<meta name=\"twitter:card\" content=\"summary_large_image\" \/>\n<meta name=\"twitter:label1\" content=\"\u00c9crit par\" \/>\n\t<meta name=\"twitter:data1\" content=\"marieclaude\" \/>\n\t<meta name=\"twitter:label2\" content=\"Dur\u00e9e de lecture estim\u00e9e\" \/>\n\t<meta name=\"twitter:data2\" content=\"2 minutes\" \/>\n<script type=\"application\/ld+json\" class=\"yoast-schema-graph\">{\"@context\":\"https:\\\/\\\/schema.org\",\"@graph\":[{\"@type\":\"Article\",\"@id\":\"https:\\\/\\\/wermenlinger.com\\\/fr\\\/archipel-de-mingan\\\/#article\",\"isPartOf\":{\"@id\":\"https:\\\/\\\/wermenlinger.com\\\/fr\\\/archipel-de-mingan\\\/\"},\"author\":{\"name\":\"marieclaude\",\"@id\":\"https:\\\/\\\/wermenlinger.com\\\/fr\\\/#\\\/schema\\\/person\\\/2c0def04c9805c74d26fdc5d5de92a2f\"},\"headline\":\"Archipel de Mingan\",\"datePublished\":\"2026-03-06T21:47:25+00:00\",\"dateModified\":\"2026-03-17T20:21:32+00:00\",\"mainEntityOfPage\":{\"@id\":\"https:\\\/\\\/wermenlinger.com\\\/fr\\\/archipel-de-mingan\\\/\"},\"wordCount\":314,\"publisher\":{\"@id\":\"https:\\\/\\\/wermenlinger.com\\\/fr\\\/#\\\/schema\\\/person\\\/a47dbc1b0000ebf01029107ca89a5feb\"},\"image\":{\"@id\":\"https:\\\/\\\/wermenlinger.com\\\/fr\\\/archipel-de-mingan\\\/#primaryimage\"},\"thumbnailUrl\":\"https:\\\/\\\/wermenlinger.com\\\/wp-content\\\/uploads\\\/2026\\\/03\\\/mingan-archipelago-national-park-2.jpeg\",\"keywords\":[\"2020\"],\"articleSection\":[\"Audio\"],\"inLanguage\":\"fr-FR\"},{\"@type\":\"WebPage\",\"@id\":\"https:\\\/\\\/wermenlinger.com\\\/fr\\\/archipel-de-mingan\\\/\",\"url\":\"https:\\\/\\\/wermenlinger.com\\\/fr\\\/archipel-de-mingan\\\/\",\"name\":\"Archipel de Mingan | Laurent Wermenlinger\",\"isPartOf\":{\"@id\":\"https:\\\/\\\/wermenlinger.com\\\/fr\\\/#website\"},\"primaryImageOfPage\":{\"@id\":\"https:\\\/\\\/wermenlinger.com\\\/fr\\\/archipel-de-mingan\\\/#primaryimage\"},\"image\":{\"@id\":\"https:\\\/\\\/wermenlinger.com\\\/fr\\\/archipel-de-mingan\\\/#primaryimage\"},\"thumbnailUrl\":\"https:\\\/\\\/wermenlinger.com\\\/wp-content\\\/uploads\\\/2026\\\/03\\\/mingan-archipelago-national-park-2.jpeg\",\"datePublished\":\"2026-03-06T21:47:25+00:00\",\"dateModified\":\"2026-03-17T20:21:32+00:00\",\"breadcrumb\":{\"@id\":\"https:\\\/\\\/wermenlinger.com\\\/fr\\\/archipel-de-mingan\\\/#breadcrumb\"},\"inLanguage\":\"fr-FR\",\"potentialAction\":[{\"@type\":\"ReadAction\",\"target\":[\"https:\\\/\\\/wermenlinger.com\\\/fr\\\/archipel-de-mingan\\\/\"]}]},{\"@type\":\"ImageObject\",\"inLanguage\":\"fr-FR\",\"@id\":\"https:\\\/\\\/wermenlinger.com\\\/fr\\\/archipel-de-mingan\\\/#primaryimage\",\"url\":\"https:\\\/\\\/wermenlinger.com\\\/wp-content\\\/uploads\\\/2026\\\/03\\\/mingan-archipelago-national-park-2.jpeg\",\"contentUrl\":\"https:\\\/\\\/wermenlinger.com\\\/wp-content\\\/uploads\\\/2026\\\/03\\\/mingan-archipelago-national-park-2.jpeg\",\"width\":2000,\"height\":1334},{\"@type\":\"BreadcrumbList\",\"@id\":\"https:\\\/\\\/wermenlinger.com\\\/fr\\\/archipel-de-mingan\\\/#breadcrumb\",\"itemListElement\":[{\"@type\":\"ListItem\",\"position\":1,\"name\":\"Home\",\"item\":\"https:\\\/\\\/wermenlinger.com\\\/fr\\\/\"},{\"@type\":\"ListItem\",\"position\":2,\"name\":\"Archipel de Mingan\"}]},{\"@type\":\"WebSite\",\"@id\":\"https:\\\/\\\/wermenlinger.com\\\/fr\\\/#website\",\"url\":\"https:\\\/\\\/wermenlinger.com\\\/fr\\\/\",\"name\":\"Laurent Wermenlinger\",\"description\":\"Capturing the Breath of the Natural World\",\"publisher\":{\"@id\":\"https:\\\/\\\/wermenlinger.com\\\/fr\\\/#\\\/schema\\\/person\\\/a47dbc1b0000ebf01029107ca89a5feb\"},\"potentialAction\":[{\"@type\":\"SearchAction\",\"target\":{\"@type\":\"EntryPoint\",\"urlTemplate\":\"https:\\\/\\\/wermenlinger.com\\\/fr\\\/?s={search_term_string}\"},\"query-input\":{\"@type\":\"PropertyValueSpecification\",\"valueRequired\":true,\"valueName\":\"search_term_string\"}}],\"inLanguage\":\"fr-FR\"},{\"@type\":[\"Person\",\"Organization\"],\"@id\":\"https:\\\/\\\/wermenlinger.com\\\/fr\\\/#\\\/schema\\\/person\\\/a47dbc1b0000ebf01029107ca89a5feb\",\"name\":\"WERMENLINGERL2\",\"image\":{\"@type\":\"ImageObject\",\"inLanguage\":\"fr-FR\",\"@id\":\"https:\\\/\\\/wermenlinger.com\\\/wp-content\\\/uploads\\\/2026\\\/02\\\/logo-Laurent-Wermenlinger.svg\",\"url\":\"https:\\\/\\\/wermenlinger.com\\\/wp-content\\\/uploads\\\/2026\\\/02\\\/logo-Laurent-Wermenlinger.svg\",\"contentUrl\":\"https:\\\/\\\/wermenlinger.com\\\/wp-content\\\/uploads\\\/2026\\\/02\\\/logo-Laurent-Wermenlinger.svg\",\"width\":579,\"height\":53,\"caption\":\"WERMENLINGERL2\"},\"logo\":{\"@id\":\"https:\\\/\\\/wermenlinger.com\\\/wp-content\\\/uploads\\\/2026\\\/02\\\/logo-Laurent-Wermenlinger.svg\"}},{\"@type\":\"Person\",\"@id\":\"https:\\\/\\\/wermenlinger.com\\\/fr\\\/#\\\/schema\\\/person\\\/2c0def04c9805c74d26fdc5d5de92a2f\",\"name\":\"marieclaude\",\"image\":{\"@type\":\"ImageObject\",\"inLanguage\":\"fr-FR\",\"@id\":\"https:\\\/\\\/secure.gravatar.com\\\/avatar\\\/f24822acad1319eceb35674011f50983536a61c45f0a8e8ab8ededce0136e150?s=96&d=mm&r=g\",\"url\":\"https:\\\/\\\/secure.gravatar.com\\\/avatar\\\/f24822acad1319eceb35674011f50983536a61c45f0a8e8ab8ededce0136e150?s=96&d=mm&r=g\",\"contentUrl\":\"https:\\\/\\\/secure.gravatar.com\\\/avatar\\\/f24822acad1319eceb35674011f50983536a61c45f0a8e8ab8ededce0136e150?s=96&d=mm&r=g\",\"caption\":\"marieclaude\"},\"url\":\"https:\\\/\\\/wermenlinger.com\\\/fr\\\/author\\\/marieclaude\\\/\"}]}<\/script>\n<!-- \/ Yoast SEO plugin. -->","yoast_head_json":{"title":"Archipel de Mingan | Laurent Wermenlinger","robots":{"index":"index","follow":"follow","max-snippet":"max-snippet:-1","max-image-preview":"max-image-preview:large","max-video-preview":"max-video-preview:-1"},"canonical":"https:\/\/wermenlinger.com\/fr\/archipel-de-mingan\/","og_locale":"fr_FR","og_type":"article","og_title":"Archipel de Mingan | Laurent Wermenlinger","og_description":"Une occasion rare de documenter par le son les \u00eeles prot\u00e9g\u00e9es de l\u2019archipel de Mingan. Des textures aviaires denses de l\u2019\u00eele aux Perroquets aux vocalisations envo\u00fbtantes des colonies de phoques, ce projet capture pour Parcs Canada l\u2019esprit brut du golfe du Saint-Laurent.","og_url":"https:\/\/wermenlinger.com\/fr\/archipel-de-mingan\/","og_site_name":"Laurent Wermenlinger","article_published_time":"2026-03-06T21:47:25+00:00","article_modified_time":"2026-03-17T20:21:32+00:00","og_image":[{"width":2000,"height":1334,"url":"https:\/\/wermenlinger.com\/wp-content\/uploads\/2026\/03\/mingan-archipelago-national-park-2.jpeg","type":"image\/jpeg"}],"author":"marieclaude","twitter_card":"summary_large_image","twitter_misc":{"\u00c9crit par":"marieclaude","Dur\u00e9e de lecture estim\u00e9e":"2 minutes"},"schema":{"@context":"https:\/\/schema.org","@graph":[{"@type":"Article","@id":"https:\/\/wermenlinger.com\/fr\/archipel-de-mingan\/#article","isPartOf":{"@id":"https:\/\/wermenlinger.com\/fr\/archipel-de-mingan\/"},"author":{"name":"marieclaude","@id":"https:\/\/wermenlinger.com\/fr\/#\/schema\/person\/2c0def04c9805c74d26fdc5d5de92a2f"},"headline":"Archipel de Mingan","datePublished":"2026-03-06T21:47:25+00:00","dateModified":"2026-03-17T20:21:32+00:00","mainEntityOfPage":{"@id":"https:\/\/wermenlinger.com\/fr\/archipel-de-mingan\/"},"wordCount":314,"publisher":{"@id":"https:\/\/wermenlinger.com\/fr\/#\/schema\/person\/a47dbc1b0000ebf01029107ca89a5feb"},"image":{"@id":"https:\/\/wermenlinger.com\/fr\/archipel-de-mingan\/#primaryimage"},"thumbnailUrl":"https:\/\/wermenlinger.com\/wp-content\/uploads\/2026\/03\/mingan-archipelago-national-park-2.jpeg","keywords":["2020"],"articleSection":["Audio"],"inLanguage":"fr-FR"},{"@type":"WebPage","@id":"https:\/\/wermenlinger.com\/fr\/archipel-de-mingan\/","url":"https:\/\/wermenlinger.com\/fr\/archipel-de-mingan\/","name":"Archipel de Mingan | Laurent Wermenlinger","isPartOf":{"@id":"https:\/\/wermenlinger.com\/fr\/#website"},"primaryImageOfPage":{"@id":"https:\/\/wermenlinger.com\/fr\/archipel-de-mingan\/#primaryimage"},"image":{"@id":"https:\/\/wermenlinger.com\/fr\/archipel-de-mingan\/#primaryimage"},"thumbnailUrl":"https:\/\/wermenlinger.com\/wp-content\/uploads\/2026\/03\/mingan-archipelago-national-park-2.jpeg","datePublished":"2026-03-06T21:47:25+00:00","dateModified":"2026-03-17T20:21:32+00:00","breadcrumb":{"@id":"https:\/\/wermenlinger.com\/fr\/archipel-de-mingan\/#breadcrumb"},"inLanguage":"fr-FR","potentialAction":[{"@type":"ReadAction","target":["https:\/\/wermenlinger.com\/fr\/archipel-de-mingan\/"]}]},{"@type":"ImageObject","inLanguage":"fr-FR","@id":"https:\/\/wermenlinger.com\/fr\/archipel-de-mingan\/#primaryimage","url":"https:\/\/wermenlinger.com\/wp-content\/uploads\/2026\/03\/mingan-archipelago-national-park-2.jpeg","contentUrl":"https:\/\/wermenlinger.com\/wp-content\/uploads\/2026\/03\/mingan-archipelago-national-park-2.jpeg","width":2000,"height":1334},{"@type":"BreadcrumbList","@id":"https:\/\/wermenlinger.com\/fr\/archipel-de-mingan\/#breadcrumb","itemListElement":[{"@type":"ListItem","position":1,"name":"Home","item":"https:\/\/wermenlinger.com\/fr\/"},{"@type":"ListItem","position":2,"name":"Archipel de Mingan"}]},{"@type":"WebSite","@id":"https:\/\/wermenlinger.com\/fr\/#website","url":"https:\/\/wermenlinger.com\/fr\/","name":"Laurent Wermenlinger","description":"Capturing the Breath of the Natural World","publisher":{"@id":"https:\/\/wermenlinger.com\/fr\/#\/schema\/person\/a47dbc1b0000ebf01029107ca89a5feb"},"potentialAction":[{"@type":"SearchAction","target":{"@type":"EntryPoint","urlTemplate":"https:\/\/wermenlinger.com\/fr\/?s={search_term_string}"},"query-input":{"@type":"PropertyValueSpecification","valueRequired":true,"valueName":"search_term_string"}}],"inLanguage":"fr-FR"},{"@type":["Person","Organization"],"@id":"https:\/\/wermenlinger.com\/fr\/#\/schema\/person\/a47dbc1b0000ebf01029107ca89a5feb","name":"WERMENLINGERL2","image":{"@type":"ImageObject","inLanguage":"fr-FR","@id":"https:\/\/wermenlinger.com\/wp-content\/uploads\/2026\/02\/logo-Laurent-Wermenlinger.svg","url":"https:\/\/wermenlinger.com\/wp-content\/uploads\/2026\/02\/logo-Laurent-Wermenlinger.svg","contentUrl":"https:\/\/wermenlinger.com\/wp-content\/uploads\/2026\/02\/logo-Laurent-Wermenlinger.svg","width":579,"height":53,"caption":"WERMENLINGERL2"},"logo":{"@id":"https:\/\/wermenlinger.com\/wp-content\/uploads\/2026\/02\/logo-Laurent-Wermenlinger.svg"}},{"@type":"Person","@id":"https:\/\/wermenlinger.com\/fr\/#\/schema\/person\/2c0def04c9805c74d26fdc5d5de92a2f","name":"marieclaude","image":{"@type":"ImageObject","inLanguage":"fr-FR","@id":"https:\/\/secure.gravatar.com\/avatar\/f24822acad1319eceb35674011f50983536a61c45f0a8e8ab8ededce0136e150?s=96&d=mm&r=g","url":"https:\/\/secure.gravatar.com\/avatar\/f24822acad1319eceb35674011f50983536a61c45f0a8e8ab8ededce0136e150?s=96&d=mm&r=g","contentUrl":"https:\/\/secure.gravatar.com\/avatar\/f24822acad1319eceb35674011f50983536a61c45f0a8e8ab8ededce0136e150?s=96&d=mm&r=g","caption":"marieclaude"},"url":"https:\/\/wermenlinger.com\/fr\/author\/marieclaude\/"}]}},"_links":{"self":[{"href":"https:\/\/wermenlinger.com\/fr\/wp-json\/wp\/v2\/posts\/1967","targetHints":{"allow":["GET"]}}],"collection":[{"href":"https:\/\/wermenlinger.com\/fr\/wp-json\/wp\/v2\/posts"}],"about":[{"href":"https:\/\/wermenlinger.com\/fr\/wp-json\/wp\/v2\/types\/post"}],"author":[{"embeddable":true,"href":"https:\/\/wermenlinger.com\/fr\/wp-json\/wp\/v2\/users\/2"}],"replies":[{"embeddable":true,"href":"https:\/\/wermenlinger.com\/fr\/wp-json\/wp\/v2\/comments?post=1967"}],"version-history":[{"count":3,"href":"https:\/\/wermenlinger.com\/fr\/wp-json\/wp\/v2\/posts\/1967\/revisions"}],"predecessor-version":[{"id":2423,"href":"https:\/\/wermenlinger.com\/fr\/wp-json\/wp\/v2\/posts\/1967\/revisions\/2423"}],"wp:featuredmedia":[{"embeddable":true,"href":"https:\/\/wermenlinger.com\/fr\/wp-json\/wp\/v2\/media\/2125"}],"wp:attachment":[{"href":"https:\/\/wermenlinger.com\/fr\/wp-json\/wp\/v2\/media?parent=1967"}],"wp:term":[{"taxonomy":"category","embeddable":true,"href":"https:\/\/wermenlinger.com\/fr\/wp-json\/wp\/v2\/categories?post=1967"},{"taxonomy":"post_tag","embeddable":true,"href":"https:\/\/wermenlinger.com\/fr\/wp-json\/wp\/v2\/tags?post=1967"}],"curies":[{"name":"wp","href":"https:\/\/api.w.org\/{rel}","templated":true}]}}