{"id":2128,"date":"2026-02-16T21:16:32","date_gmt":"2026-02-16T21:16:32","guid":{"rendered":"https:\/\/wve.png.mybluehost.me\/website_71bd5955\/titre-du-post\/"},"modified":"2026-03-17T14:06:15","modified_gmt":"2026-03-17T14:06:15","slug":"silence-a-ecoute-profonde","status":"publish","type":"post","link":"https:\/\/wermenlinger.com\/fr\/silence-a-ecoute-profonde\/","title":{"rendered":"Du silence \u00e0 l&#8217;art de l&#8217;\u00e9coute profonde"},"content":{"rendered":"\n<div>\n<p class=\"gb-text\"><br>Maintenant que je suis officiellement \u00e0 la retraite, je vais pouvoir me consacrer plus intens\u00e9ment \u00e0 une passion que j&#8217;entretiens depuis plus de vingt ans. N&#8217;\u00e9tant pas musicien, toute la notion d&#8217;\u00e9coute active, ou \u00e9coute profonde, m&#8217;\u00e9tait compl\u00e8tement \u00e9trang\u00e8re. Je l&#8217;ai d\u00e9couverte tr\u00e8s progressivement, entre autres par le biais de la prise de son, mais \u00e9galement gr\u00e2ce \u00e0 un apprentissage aupr\u00e8s de musiciens, de preneurs de son et de compositeurs rencontr\u00e9s au fil des ann\u00e9es. Cet apprentissage m&#8217;a indubitablement redonn\u00e9 la capacit\u00e9 d&#8217;utiliser ce sens et d&#8217;en tirer profit \u00e0 un niveau qu&#8217;il m&#8217;aurait \u00e9t\u00e9 difficile d&#8217;imaginer auparavant. C&#8217;est un peu comme d\u00e9couvrir la couleur lorsqu&#8217;on a toujours vu en noir et blanc.   <\/p>\n\n\n\n<p class=\"gb-text\">L&#8217;id\u00e9e et le r\u00e9flexe de maintenir son ou\u00efe en \u00e9veil, sans m\u00eame s&#8217;en rendre compte, tant cela devient une pratique constante, m&#8217;ont permis d&#8217;entendre le monde tr\u00e8s diff\u00e9remment, et certainement avec beaucoup plus de pr\u00e9cision. N&#8217;h\u00e9sitez pas \u00e0 prendre le temps d&#8217;analyser les sonorit\u00e9s qui vous entourent : par couche, par dimension, par fr\u00e9quence. Du son le plus subtil au plus \u00e9vident. Vous n&#8217;en croirez pas vos oreilles !   <\/p>\n<\/div>\n","protected":false},"excerpt":{"rendered":"<p>Un voyage du silence vers \u00ab l&#8217;\u00e9coute profonde \u00bb. Apr\u00e8s avoir nourri une passion pour le son pendant vingt ans, je suis pass\u00e9 d&#8217;une vision du monde en noir et blanc \u00e0 une audition en pleine couleur. D\u00e9couvrez comment l&#8217;\u00e9coute active a transform\u00e9 ma perception du monde, une fr\u00e9quence \u00e0 la fois.  <\/p>\n","protected":false},"author":2,"featured_media":2320,"comment_status":"closed","ping_status":"closed","sticky":false,"template":"","format":"standard","meta":{"nf_dc_page":"","footnotes":""},"categories":[26],"tags":[],"class_list":["post-2128","post","type-post","status-publish","format-standard","has-post-thumbnail","hentry","category-blogue"],"yoast_head":"<!-- This site is optimized with the Yoast SEO plugin v27.4 - https:\/\/yoast.com\/product\/yoast-seo-wordpress\/ -->\n<title>Du silence \u00e0 l&#039;art de l&#039;\u00e9coute profonde | Laurent Wermenlinger<\/title>\n<meta name=\"robots\" content=\"index, follow, max-snippet:-1, max-image-preview:large, max-video-preview:-1\" \/>\n<link rel=\"canonical\" href=\"https:\/\/wermenlinger.com\/fr\/silence-a-ecoute-profonde\/\" \/>\n<meta property=\"og:locale\" content=\"fr_FR\" \/>\n<meta property=\"og:type\" content=\"article\" \/>\n<meta property=\"og:title\" content=\"Du silence \u00e0 l&#039;art de l&#039;\u00e9coute profonde | Laurent Wermenlinger\" \/>\n<meta property=\"og:description\" content=\"Un voyage du silence vers \u00ab l&#039;\u00e9coute profonde \u00bb. Apr\u00e8s avoir nourri une passion pour le son pendant vingt ans, je suis pass\u00e9 d&#039;une vision du monde en noir et blanc \u00e0 une audition en pleine couleur. D\u00e9couvrez comment l&#039;\u00e9coute active a transform\u00e9 ma perception du monde, une fr\u00e9quence \u00e0 la fois.\" \/>\n<meta property=\"og:url\" content=\"https:\/\/wermenlinger.com\/fr\/silence-a-ecoute-profonde\/\" \/>\n<meta property=\"og:site_name\" content=\"Laurent Wermenlinger\" \/>\n<meta property=\"article:published_time\" content=\"2026-02-16T21:16:32+00:00\" \/>\n<meta property=\"article:modified_time\" content=\"2026-03-17T14:06:15+00:00\" \/>\n<meta property=\"og:image\" content=\"https:\/\/wermenlinger.com\/wp-content\/uploads\/2026\/02\/montagnes-scaled.jpeg\" \/>\n\t<meta property=\"og:image:width\" content=\"2560\" \/>\n\t<meta property=\"og:image:height\" content=\"1920\" \/>\n\t<meta property=\"og:image:type\" content=\"image\/jpeg\" \/>\n<meta name=\"author\" content=\"marieclaude\" \/>\n<meta name=\"twitter:card\" content=\"summary_large_image\" \/>\n<meta name=\"twitter:label1\" content=\"\u00c9crit par\" \/>\n\t<meta name=\"twitter:data1\" content=\"marieclaude\" \/>\n\t<meta name=\"twitter:label2\" content=\"Dur\u00e9e de lecture estim\u00e9e\" \/>\n\t<meta name=\"twitter:data2\" content=\"1 minute\" \/>\n<script type=\"application\/ld+json\" class=\"yoast-schema-graph\">{\"@context\":\"https:\\\/\\\/schema.org\",\"@graph\":[{\"@type\":\"Article\",\"@id\":\"https:\\\/\\\/wermenlinger.com\\\/fr\\\/silence-a-ecoute-profonde\\\/#article\",\"isPartOf\":{\"@id\":\"https:\\\/\\\/wermenlinger.com\\\/fr\\\/silence-a-ecoute-profonde\\\/\"},\"author\":{\"name\":\"marieclaude\",\"@id\":\"https:\\\/\\\/wermenlinger.com\\\/fr\\\/#\\\/schema\\\/person\\\/2c0def04c9805c74d26fdc5d5de92a2f\"},\"headline\":\"Du silence \u00e0 l&#8217;art de l&#8217;\u00e9coute profonde\",\"datePublished\":\"2026-02-16T21:16:32+00:00\",\"dateModified\":\"2026-03-17T14:06:15+00:00\",\"mainEntityOfPage\":{\"@id\":\"https:\\\/\\\/wermenlinger.com\\\/fr\\\/silence-a-ecoute-profonde\\\/\"},\"wordCount\":223,\"publisher\":{\"@id\":\"https:\\\/\\\/wermenlinger.com\\\/fr\\\/#\\\/schema\\\/person\\\/a47dbc1b0000ebf01029107ca89a5feb\"},\"image\":{\"@id\":\"https:\\\/\\\/wermenlinger.com\\\/fr\\\/silence-a-ecoute-profonde\\\/#primaryimage\"},\"thumbnailUrl\":\"https:\\\/\\\/wermenlinger.com\\\/wp-content\\\/uploads\\\/2026\\\/02\\\/montagnes-scaled.jpeg\",\"articleSection\":[\"Blogue\"],\"inLanguage\":\"fr-FR\"},{\"@type\":\"WebPage\",\"@id\":\"https:\\\/\\\/wermenlinger.com\\\/fr\\\/silence-a-ecoute-profonde\\\/\",\"url\":\"https:\\\/\\\/wermenlinger.com\\\/fr\\\/silence-a-ecoute-profonde\\\/\",\"name\":\"Du silence \u00e0 l'art de l'\u00e9coute profonde | Laurent Wermenlinger\",\"isPartOf\":{\"@id\":\"https:\\\/\\\/wermenlinger.com\\\/fr\\\/#website\"},\"primaryImageOfPage\":{\"@id\":\"https:\\\/\\\/wermenlinger.com\\\/fr\\\/silence-a-ecoute-profonde\\\/#primaryimage\"},\"image\":{\"@id\":\"https:\\\/\\\/wermenlinger.com\\\/fr\\\/silence-a-ecoute-profonde\\\/#primaryimage\"},\"thumbnailUrl\":\"https:\\\/\\\/wermenlinger.com\\\/wp-content\\\/uploads\\\/2026\\\/02\\\/montagnes-scaled.jpeg\",\"datePublished\":\"2026-02-16T21:16:32+00:00\",\"dateModified\":\"2026-03-17T14:06:15+00:00\",\"breadcrumb\":{\"@id\":\"https:\\\/\\\/wermenlinger.com\\\/fr\\\/silence-a-ecoute-profonde\\\/#breadcrumb\"},\"inLanguage\":\"fr-FR\",\"potentialAction\":[{\"@type\":\"ReadAction\",\"target\":[\"https:\\\/\\\/wermenlinger.com\\\/fr\\\/silence-a-ecoute-profonde\\\/\"]}]},{\"@type\":\"ImageObject\",\"inLanguage\":\"fr-FR\",\"@id\":\"https:\\\/\\\/wermenlinger.com\\\/fr\\\/silence-a-ecoute-profonde\\\/#primaryimage\",\"url\":\"https:\\\/\\\/wermenlinger.com\\\/wp-content\\\/uploads\\\/2026\\\/02\\\/montagnes-scaled.jpeg\",\"contentUrl\":\"https:\\\/\\\/wermenlinger.com\\\/wp-content\\\/uploads\\\/2026\\\/02\\\/montagnes-scaled.jpeg\",\"width\":2560,\"height\":1920},{\"@type\":\"BreadcrumbList\",\"@id\":\"https:\\\/\\\/wermenlinger.com\\\/fr\\\/silence-a-ecoute-profonde\\\/#breadcrumb\",\"itemListElement\":[{\"@type\":\"ListItem\",\"position\":1,\"name\":\"Home\",\"item\":\"https:\\\/\\\/wermenlinger.com\\\/fr\\\/\"},{\"@type\":\"ListItem\",\"position\":2,\"name\":\"Du silence \u00e0 l&#8217;art de l&#8217;\u00e9coute profonde\"}]},{\"@type\":\"WebSite\",\"@id\":\"https:\\\/\\\/wermenlinger.com\\\/fr\\\/#website\",\"url\":\"https:\\\/\\\/wermenlinger.com\\\/fr\\\/\",\"name\":\"Laurent Wermenlinger\",\"description\":\"Capturing the Breath of the Natural World\",\"publisher\":{\"@id\":\"https:\\\/\\\/wermenlinger.com\\\/fr\\\/#\\\/schema\\\/person\\\/a47dbc1b0000ebf01029107ca89a5feb\"},\"potentialAction\":[{\"@type\":\"SearchAction\",\"target\":{\"@type\":\"EntryPoint\",\"urlTemplate\":\"https:\\\/\\\/wermenlinger.com\\\/fr\\\/?s={search_term_string}\"},\"query-input\":{\"@type\":\"PropertyValueSpecification\",\"valueRequired\":true,\"valueName\":\"search_term_string\"}}],\"inLanguage\":\"fr-FR\"},{\"@type\":[\"Person\",\"Organization\"],\"@id\":\"https:\\\/\\\/wermenlinger.com\\\/fr\\\/#\\\/schema\\\/person\\\/a47dbc1b0000ebf01029107ca89a5feb\",\"name\":\"WERMENLINGERL2\",\"image\":{\"@type\":\"ImageObject\",\"inLanguage\":\"fr-FR\",\"@id\":\"https:\\\/\\\/wermenlinger.com\\\/wp-content\\\/uploads\\\/2026\\\/02\\\/logo-Laurent-Wermenlinger.svg\",\"url\":\"https:\\\/\\\/wermenlinger.com\\\/wp-content\\\/uploads\\\/2026\\\/02\\\/logo-Laurent-Wermenlinger.svg\",\"contentUrl\":\"https:\\\/\\\/wermenlinger.com\\\/wp-content\\\/uploads\\\/2026\\\/02\\\/logo-Laurent-Wermenlinger.svg\",\"width\":579,\"height\":53,\"caption\":\"WERMENLINGERL2\"},\"logo\":{\"@id\":\"https:\\\/\\\/wermenlinger.com\\\/wp-content\\\/uploads\\\/2026\\\/02\\\/logo-Laurent-Wermenlinger.svg\"}},{\"@type\":\"Person\",\"@id\":\"https:\\\/\\\/wermenlinger.com\\\/fr\\\/#\\\/schema\\\/person\\\/2c0def04c9805c74d26fdc5d5de92a2f\",\"name\":\"marieclaude\",\"image\":{\"@type\":\"ImageObject\",\"inLanguage\":\"fr-FR\",\"@id\":\"https:\\\/\\\/secure.gravatar.com\\\/avatar\\\/f24822acad1319eceb35674011f50983536a61c45f0a8e8ab8ededce0136e150?s=96&d=mm&r=g\",\"url\":\"https:\\\/\\\/secure.gravatar.com\\\/avatar\\\/f24822acad1319eceb35674011f50983536a61c45f0a8e8ab8ededce0136e150?s=96&d=mm&r=g\",\"contentUrl\":\"https:\\\/\\\/secure.gravatar.com\\\/avatar\\\/f24822acad1319eceb35674011f50983536a61c45f0a8e8ab8ededce0136e150?s=96&d=mm&r=g\",\"caption\":\"marieclaude\"},\"url\":\"https:\\\/\\\/wermenlinger.com\\\/fr\\\/author\\\/marieclaude\\\/\"}]}<\/script>\n<!-- \/ Yoast SEO plugin. -->","yoast_head_json":{"title":"Du silence \u00e0 l'art de l'\u00e9coute profonde | Laurent Wermenlinger","robots":{"index":"index","follow":"follow","max-snippet":"max-snippet:-1","max-image-preview":"max-image-preview:large","max-video-preview":"max-video-preview:-1"},"canonical":"https:\/\/wermenlinger.com\/fr\/silence-a-ecoute-profonde\/","og_locale":"fr_FR","og_type":"article","og_title":"Du silence \u00e0 l'art de l'\u00e9coute profonde | Laurent Wermenlinger","og_description":"Un voyage du silence vers \u00ab l'\u00e9coute profonde \u00bb. Apr\u00e8s avoir nourri une passion pour le son pendant vingt ans, je suis pass\u00e9 d'une vision du monde en noir et blanc \u00e0 une audition en pleine couleur. D\u00e9couvrez comment l'\u00e9coute active a transform\u00e9 ma perception du monde, une fr\u00e9quence \u00e0 la fois.","og_url":"https:\/\/wermenlinger.com\/fr\/silence-a-ecoute-profonde\/","og_site_name":"Laurent Wermenlinger","article_published_time":"2026-02-16T21:16:32+00:00","article_modified_time":"2026-03-17T14:06:15+00:00","og_image":[{"width":2560,"height":1920,"url":"https:\/\/wermenlinger.com\/wp-content\/uploads\/2026\/02\/montagnes-scaled.jpeg","type":"image\/jpeg"}],"author":"marieclaude","twitter_card":"summary_large_image","twitter_misc":{"\u00c9crit par":"marieclaude","Dur\u00e9e de lecture estim\u00e9e":"1 minute"},"schema":{"@context":"https:\/\/schema.org","@graph":[{"@type":"Article","@id":"https:\/\/wermenlinger.com\/fr\/silence-a-ecoute-profonde\/#article","isPartOf":{"@id":"https:\/\/wermenlinger.com\/fr\/silence-a-ecoute-profonde\/"},"author":{"name":"marieclaude","@id":"https:\/\/wermenlinger.com\/fr\/#\/schema\/person\/2c0def04c9805c74d26fdc5d5de92a2f"},"headline":"Du silence \u00e0 l&#8217;art de l&#8217;\u00e9coute profonde","datePublished":"2026-02-16T21:16:32+00:00","dateModified":"2026-03-17T14:06:15+00:00","mainEntityOfPage":{"@id":"https:\/\/wermenlinger.com\/fr\/silence-a-ecoute-profonde\/"},"wordCount":223,"publisher":{"@id":"https:\/\/wermenlinger.com\/fr\/#\/schema\/person\/a47dbc1b0000ebf01029107ca89a5feb"},"image":{"@id":"https:\/\/wermenlinger.com\/fr\/silence-a-ecoute-profonde\/#primaryimage"},"thumbnailUrl":"https:\/\/wermenlinger.com\/wp-content\/uploads\/2026\/02\/montagnes-scaled.jpeg","articleSection":["Blogue"],"inLanguage":"fr-FR"},{"@type":"WebPage","@id":"https:\/\/wermenlinger.com\/fr\/silence-a-ecoute-profonde\/","url":"https:\/\/wermenlinger.com\/fr\/silence-a-ecoute-profonde\/","name":"Du silence \u00e0 l'art de l'\u00e9coute profonde | Laurent Wermenlinger","isPartOf":{"@id":"https:\/\/wermenlinger.com\/fr\/#website"},"primaryImageOfPage":{"@id":"https:\/\/wermenlinger.com\/fr\/silence-a-ecoute-profonde\/#primaryimage"},"image":{"@id":"https:\/\/wermenlinger.com\/fr\/silence-a-ecoute-profonde\/#primaryimage"},"thumbnailUrl":"https:\/\/wermenlinger.com\/wp-content\/uploads\/2026\/02\/montagnes-scaled.jpeg","datePublished":"2026-02-16T21:16:32+00:00","dateModified":"2026-03-17T14:06:15+00:00","breadcrumb":{"@id":"https:\/\/wermenlinger.com\/fr\/silence-a-ecoute-profonde\/#breadcrumb"},"inLanguage":"fr-FR","potentialAction":[{"@type":"ReadAction","target":["https:\/\/wermenlinger.com\/fr\/silence-a-ecoute-profonde\/"]}]},{"@type":"ImageObject","inLanguage":"fr-FR","@id":"https:\/\/wermenlinger.com\/fr\/silence-a-ecoute-profonde\/#primaryimage","url":"https:\/\/wermenlinger.com\/wp-content\/uploads\/2026\/02\/montagnes-scaled.jpeg","contentUrl":"https:\/\/wermenlinger.com\/wp-content\/uploads\/2026\/02\/montagnes-scaled.jpeg","width":2560,"height":1920},{"@type":"BreadcrumbList","@id":"https:\/\/wermenlinger.com\/fr\/silence-a-ecoute-profonde\/#breadcrumb","itemListElement":[{"@type":"ListItem","position":1,"name":"Home","item":"https:\/\/wermenlinger.com\/fr\/"},{"@type":"ListItem","position":2,"name":"Du silence \u00e0 l&#8217;art de l&#8217;\u00e9coute profonde"}]},{"@type":"WebSite","@id":"https:\/\/wermenlinger.com\/fr\/#website","url":"https:\/\/wermenlinger.com\/fr\/","name":"Laurent Wermenlinger","description":"Capturing the Breath of the Natural World","publisher":{"@id":"https:\/\/wermenlinger.com\/fr\/#\/schema\/person\/a47dbc1b0000ebf01029107ca89a5feb"},"potentialAction":[{"@type":"SearchAction","target":{"@type":"EntryPoint","urlTemplate":"https:\/\/wermenlinger.com\/fr\/?s={search_term_string}"},"query-input":{"@type":"PropertyValueSpecification","valueRequired":true,"valueName":"search_term_string"}}],"inLanguage":"fr-FR"},{"@type":["Person","Organization"],"@id":"https:\/\/wermenlinger.com\/fr\/#\/schema\/person\/a47dbc1b0000ebf01029107ca89a5feb","name":"WERMENLINGERL2","image":{"@type":"ImageObject","inLanguage":"fr-FR","@id":"https:\/\/wermenlinger.com\/wp-content\/uploads\/2026\/02\/logo-Laurent-Wermenlinger.svg","url":"https:\/\/wermenlinger.com\/wp-content\/uploads\/2026\/02\/logo-Laurent-Wermenlinger.svg","contentUrl":"https:\/\/wermenlinger.com\/wp-content\/uploads\/2026\/02\/logo-Laurent-Wermenlinger.svg","width":579,"height":53,"caption":"WERMENLINGERL2"},"logo":{"@id":"https:\/\/wermenlinger.com\/wp-content\/uploads\/2026\/02\/logo-Laurent-Wermenlinger.svg"}},{"@type":"Person","@id":"https:\/\/wermenlinger.com\/fr\/#\/schema\/person\/2c0def04c9805c74d26fdc5d5de92a2f","name":"marieclaude","image":{"@type":"ImageObject","inLanguage":"fr-FR","@id":"https:\/\/secure.gravatar.com\/avatar\/f24822acad1319eceb35674011f50983536a61c45f0a8e8ab8ededce0136e150?s=96&d=mm&r=g","url":"https:\/\/secure.gravatar.com\/avatar\/f24822acad1319eceb35674011f50983536a61c45f0a8e8ab8ededce0136e150?s=96&d=mm&r=g","contentUrl":"https:\/\/secure.gravatar.com\/avatar\/f24822acad1319eceb35674011f50983536a61c45f0a8e8ab8ededce0136e150?s=96&d=mm&r=g","caption":"marieclaude"},"url":"https:\/\/wermenlinger.com\/fr\/author\/marieclaude\/"}]}},"_links":{"self":[{"href":"https:\/\/wermenlinger.com\/fr\/wp-json\/wp\/v2\/posts\/2128","targetHints":{"allow":["GET"]}}],"collection":[{"href":"https:\/\/wermenlinger.com\/fr\/wp-json\/wp\/v2\/posts"}],"about":[{"href":"https:\/\/wermenlinger.com\/fr\/wp-json\/wp\/v2\/types\/post"}],"author":[{"embeddable":true,"href":"https:\/\/wermenlinger.com\/fr\/wp-json\/wp\/v2\/users\/2"}],"replies":[{"embeddable":true,"href":"https:\/\/wermenlinger.com\/fr\/wp-json\/wp\/v2\/comments?post=2128"}],"version-history":[{"count":7,"href":"https:\/\/wermenlinger.com\/fr\/wp-json\/wp\/v2\/posts\/2128\/revisions"}],"predecessor-version":[{"id":2418,"href":"https:\/\/wermenlinger.com\/fr\/wp-json\/wp\/v2\/posts\/2128\/revisions\/2418"}],"wp:featuredmedia":[{"embeddable":true,"href":"https:\/\/wermenlinger.com\/fr\/wp-json\/wp\/v2\/media\/2320"}],"wp:attachment":[{"href":"https:\/\/wermenlinger.com\/fr\/wp-json\/wp\/v2\/media?parent=2128"}],"wp:term":[{"taxonomy":"category","embeddable":true,"href":"https:\/\/wermenlinger.com\/fr\/wp-json\/wp\/v2\/categories?post=2128"},{"taxonomy":"post_tag","embeddable":true,"href":"https:\/\/wermenlinger.com\/fr\/wp-json\/wp\/v2\/tags?post=2128"}],"curies":[{"name":"wp","href":"https:\/\/api.w.org\/{rel}","templated":true}]}}